{"id":839,"date":"2021-12-28T12:22:25","date_gmt":"2021-12-28T13:22:25","guid":{"rendered":"https:\/\/frameworks.gov.cv\/INSP-DEV\/?p=839"},"modified":"2022-03-20T17:42:02","modified_gmt":"2022-03-20T18:42:02","slug":"governo-quer-promover-a-saude-sobre-uma-nova-abordagem-2","status":"publish","type":"post","link":"https:\/\/frameworks.gov.cv\/INSP-DEV\/governo-quer-promover-a-saude-sobre-uma-nova-abordagem-2\/","title":{"rendered":"Governo quer promover a sa\u00fade sobre uma nova abordagem"},"content":{"rendered":"<p style=\"text-align: justify;\">O Ministro da Sa\u00fade e da Seguran\u00e7a Social, Arlindo do Ros\u00e1rio, enfatizou nesta ter\u00e7a-feira, durante a abertura do Semin\u00e1rio \u201cPromo\u00e7\u00e3o da Sa\u00fade e os Objetivos de Desenvolvimento Sustent\u00e1vel\u201d, que o pa\u00eds precisa mudar de abordagem sobre a sa\u00fade, passando de uma focada na doen\u00e7a para uma abordagem baseada na sa\u00fade e seus determinantes.<\/p>\n<p style=\"text-align: justify;\">\u201c\u00c9 fundamental. S\u00e3o as a\u00e7\u00f5es sobre os determinantes da sa\u00fade que podem levar a que todos os Cabo-verdianos possam gozar de uma melhor sa\u00fade.\u201d<\/p>\n<p style=\"text-align: justify;\"><img loading=\"lazy\" class=\" alignleft size-full wp-image-835\" style=\"margin: 8px; float: left;\" src=\"https:\/\/frameworks.gov.cv\/INSP-DEV\/wp-content\/uploads\/2018\/11\/IMG_8746b_copy.jpg\" alt=\"IMG 8746b copy\" width=\"331\" height=\"310\" \/>Segundo o Ministro Arlindo do Ros\u00e1rio, \u00e9 claro que haver\u00e1 sempre uma preocupa\u00e7\u00e3o com a doen\u00e7a, mas tamb\u00e9m \u00e9 claro que se continuar a investir na vertente de promo\u00e7\u00e3o da sa\u00fade, Cabo Verde ir\u00e1 registar ganhos importantes.<\/p>\n<p style=\"text-align: justify;\">Este governante real\u00e7ou ainda que a promo\u00e7\u00e3o da sa\u00fade n\u00e3o \u00e9 uma exclusividade do sector da sa\u00fade, mas sim um espa\u00e7o ideal para que v\u00e1rios sectores possam criar sinergias atuando de uma forma hol\u00edstica e abrangente por forma a beneficiar toda a popula\u00e7\u00e3o nas suas comunidades.<\/p>\n<p style=\"text-align: justify;\">J\u00e1 a Presidente do Instituto Nacional de Sa\u00fade P\u00fablica, Maria da Luz Lima, intui\u00e7\u00e3o anfitri\u00e3o deste evento, o aspeto da intersectorialidade e transversalidade da \u00e1rea da promo\u00e7\u00e3o da sa\u00fade, s\u00e3o chaves para uma melhor articula\u00e7\u00e3o e melhores resultados.<\/p>\n<p style=\"text-align: justify;\">\u201co sector da sa\u00fade pode liderar o processo, mas todos os parceiros, pessoas, comunidades, ONGs, t\u00eam um papel importante a desempenhar.\u201d<\/p>\n<p style=\"text-align: justify;\">De acordo com Maria da Luz Lima, o lema deste Semin\u00e1rio, \u201cpromo\u00e7\u00e3o da sa\u00fade e os Objetivos de Desenvolvimento Sustent\u00e1vel\u201d foi escolhido para se colocar a t\u00f3nica num dos princ\u00edpios dos ODS, que diz que \u201cn\u00e3o devemos deixar ningu\u00e9m para traz.\u201d Dai que a promo\u00e7\u00e3o da sa\u00fade na sua vertente ampla e visando um melhor acesso \u00e0 sa\u00fade, interessa tamb\u00e9m este ideal.<\/p>\n<p style=\"text-align: justify;\">A OMS Cabo Verde, na pessoa do seu Representante, Mariano Salazar Castellon, reconheceu que Cabo Verde est\u00e1 a fazer avan\u00e7os importantes, nomeadamente a elabora\u00e7\u00e3o do Plano Nacional de Promo\u00e7\u00e3o da Sa\u00fade que dever\u00e1 ser apresentado e validado durante este Semin\u00e1rio.<\/p>\n<p style=\"text-align: justify;\">De acordo com o programa do evento, no primeiro dia, foram apresentados duas conferencias, sendo \u201cA Promo\u00e7\u00e3o da Sa\u00fade e os Objetivos de Desenvolvimento Sustent\u00e1vel, o papel do Institutos Nacionais de Sa\u00fade P\u00fablica\u201d, apresentado por Fernando Almeida, Presidente do INSA Portugal e a Conferencia \u201cPromo\u00e7\u00e3o da Sa\u00fade e o Desenvolvimento\u201d tamb\u00e9m apresentado por Mariano Salazar Castellon, Representante da OMS em Cabo Verde.<\/p>\n<p style=\"text-align: justify;\"><img loading=\"lazy\" class=\" alignleft size-full wp-image-836\" style=\"margin: 8px; float: left;\" src=\"https:\/\/frameworks.gov.cv\/INSP-DEV\/wp-content\/uploads\/2018\/11\/IMG_8782v.jpg\" alt=\"IMG 8782v\" width=\"317\" height=\"211\" srcset=\"https:\/\/frameworks.gov.cv\/INSP-DEV\/wp-content\/uploads\/2018\/11\/IMG_8782v.jpg 1500w, https:\/\/frameworks.gov.cv\/INSP-DEV\/wp-content\/uploads\/2018\/11\/IMG_8782v-300x200.jpg 300w, https:\/\/frameworks.gov.cv\/INSP-DEV\/wp-content\/uploads\/2018\/11\/IMG_8782v-1024x683.jpg 1024w, https:\/\/frameworks.gov.cv\/INSP-DEV\/wp-content\/uploads\/2018\/11\/IMG_8782v-768x512.jpg 768w\" sizes=\"(max-width: 317px) 100vw, 317px\" \/>Em seguida o programa do dia foi cumprido com a realiza\u00e7\u00e3o de uma mesa redonda cujo painel foi \u201cInterdisciplinaridade e Sa\u00fade P\u00fablica: interfaces contempor\u00e2neas na promo\u00e7\u00e3o da sa\u00fade\u201d seguido de v\u00e1rias conferencias livres apresentadas pelo Diretor Nacional da Sa\u00fade, Artur Correia, com o tema \u201cA Vis\u00e3o Hol\u00edstica da Sa\u00fade e a Promo\u00e7\u00e3o da Sa\u00fade\u201d, Administradora Nacional para o Promo\u00e7\u00e3o da Sa\u00fade da OMS, Edith Pereira, com o tema \u201cA Promo\u00e7\u00e3o da Sa\u00fade na perspetiva da OMS\u201d, a Diretora do Departamento de Estat\u00edsticas Demogr\u00e1ficas e Sociais do INE, Noemi Ramos, que falou sobre \u201cDados Estat\u00edsticos das Condi\u00e7\u00f5es de vida das fam\u00edlias (IMC-2017)\u201d, e Enfermeira Natalina Silva que tra\u00e7ou \u201cA Promo\u00e7\u00e3o da sa\u00fade e qualidade de vida na pratica da enfermagem, a sa\u00fade ao longo da vida\u201d.<img loading=\"lazy\" class=\" alignright size-full wp-image-837\" style=\"margin: 8px; float: right;\" src=\"https:\/\/frameworks.gov.cv\/INSP-DEV\/wp-content\/uploads\/2018\/11\/IMG_8738c.jpg\" alt=\"IMG 8738c\" width=\"181\" height=\"121\" srcset=\"https:\/\/frameworks.gov.cv\/INSP-DEV\/wp-content\/uploads\/2018\/11\/IMG_8738c.jpg 1500w, https:\/\/frameworks.gov.cv\/INSP-DEV\/wp-content\/uploads\/2018\/11\/IMG_8738c-300x200.jpg 300w, https:\/\/frameworks.gov.cv\/INSP-DEV\/wp-content\/uploads\/2018\/11\/IMG_8738c-1024x683.jpg 1024w, https:\/\/frameworks.gov.cv\/INSP-DEV\/wp-content\/uploads\/2018\/11\/IMG_8738c-768x512.jpg 768w\" sizes=\"(max-width: 181px) 100vw, 181px\" \/><\/p>\n<p style=\"text-align: justify;\">O Semin\u00e1rio \u201cPromo\u00e7\u00e3o da Sa\u00fade e os ODS\u201d, realizado pelo Instituto Nacional de Sa\u00fade P\u00fablica em parceria com a OMS, decore na Cidade da Praia, durante tr\u00eas dias, 26, 27 e 28 de novembro, com o objetivo de promover a partilha de conhecimentos e experi\u00eancias, bem como validar o Plano Nacional de Promo\u00e7\u00e3o da Sa\u00fade cuja sua elabora\u00e7\u00e3o contou com a parceria t\u00e9cnica e financeira da Organiza\u00e7\u00e3o Mundial da Sa\u00fade.<\/p>\n<p>&nbsp;<\/p>\n","protected":false},"excerpt":{"rendered":"<p>O Ministro da Sa\u00fade e da Seguran\u00e7a Social, Arlindo do Ros\u00e1rio, enfatizou nesta ter\u00e7a-feira, durante a abertura do Semin\u00e1rio \u201cPromo\u00e7\u00e3o da Sa\u00fade e os Objetivos de Desenvolvimento Sustent\u00e1vel\u201d, que o pa\u00eds precisa mudar de abordagem sobre a sa\u00fade, passando de uma focada na doen\u00e7a para uma abordagem baseada na sa\u00fade e seus determinantes. \u201c\u00c9 fundamental. [&hellip;]<\/p>\n","protected":false},"author":4,"featured_media":835,"comment_status":"closed","ping_status":"closed","sticky":false,"template":"","format":"standard","meta":[],"categories":[18],"tags":[],"acf":[],"_links":{"self":[{"href":"https:\/\/frameworks.gov.cv\/INSP-DEV\/wp-json\/wp\/v2\/posts\/839"}],"collection":[{"href":"https:\/\/frameworks.gov.cv\/INSP-DEV\/wp-json\/wp\/v2\/posts"}],"about":[{"href":"https:\/\/frameworks.gov.cv\/INSP-DEV\/wp-json\/wp\/v2\/types\/post"}],"author":[{"embeddable":true,"href":"https:\/\/frameworks.gov.cv\/INSP-DEV\/wp-json\/wp\/v2\/users\/4"}],"replies":[{"embeddable":true,"href":"https:\/\/frameworks.gov.cv\/INSP-DEV\/wp-json\/wp\/v2\/comments?post=839"}],"version-history":[{"count":2,"href":"https:\/\/frameworks.gov.cv\/INSP-DEV\/wp-json\/wp\/v2\/posts\/839\/revisions"}],"predecessor-version":[{"id":3150,"href":"https:\/\/frameworks.gov.cv\/INSP-DEV\/wp-json\/wp\/v2\/posts\/839\/revisions\/3150"}],"wp:featuredmedia":[{"embeddable":true,"href":"https:\/\/frameworks.gov.cv\/INSP-DEV\/wp-json\/wp\/v2\/media\/835"}],"wp:attachment":[{"href":"https:\/\/frameworks.gov.cv\/INSP-DEV\/wp-json\/wp\/v2\/media?parent=839"}],"wp:term":[{"taxonomy":"category","embeddable":true,"href":"https:\/\/frameworks.gov.cv\/INSP-DEV\/wp-json\/wp\/v2\/categories?post=839"},{"taxonomy":"post_tag","embeddable":true,"href":"https:\/\/frameworks.gov.cv\/INSP-DEV\/wp-json\/wp\/v2\/tags?post=839"}],"curies":[{"name":"wp","href":"https:\/\/api.w.org\/{rel}","templated":true}]}}