{"id":1647,"date":"2021-12-28T12:21:56","date_gmt":"2021-12-28T13:21:56","guid":{"rendered":"https:\/\/frameworks.gov.cv\/INSP-DEV\/?p=1647"},"modified":"2021-12-28T20:31:19","modified_gmt":"2021-12-28T21:31:19","slug":"cabo-verde-anualmente-regista-uma-media-de-50-casos-de-suicidio","status":"publish","type":"post","link":"https:\/\/frameworks.gov.cv\/INSP-DEV\/cabo-verde-anualmente-regista-uma-media-de-50-casos-de-suicidio\/","title":{"rendered":"Cabo Verde anualmente regista uma m\u00e9dia de 50 casos de suic\u00eddio"},"content":{"rendered":"<div class=\"\" dir=\"auto\">\n<div class=\"ecm0bbzt hv4rvrfc ihqw7lf3 dati1w0a\" data-ad-comet-preview=\"message\" data-ad-preview=\"message\" id=\"jsc_c_1e3\">\n<div class=\"j83agx80 cbu4d94t ew0dbk1b irj2b8pg\">\n<div class=\"qzhwtbm6 knvmm38d\">\n<div class=\"kvgmc6g5 cxmmr5t8 oygrvhab hcukyx3x c1et5uql ii04i59q\">\n<div dir=\"auto\"><span style=\"color: #000000;\">Em Cabo Verde, notifica-se, em m\u00e9dia, 50 casos de suic\u00eddio anualmente. A afirma\u00e7\u00e3o foi feita pelo o Diretor Nacional de Sa\u00fade, Jorge Barreto, durante a sess\u00e3o de abertura do semin\u00e1rio intitulado \u201cPreven\u00e7\u00e3o do suic\u00eddio no contexto das emerg\u00eancias em sa\u00fade p\u00fablica\u201d, que teve lugar na manh\u00e3 desta sexta-feira, 10 de setembro.<\/span><\/div>\n<\/p><\/div>\n<div class=\"o9v6fnle cxmmr5t8 oygrvhab hcukyx3x c1et5uql ii04i59q\">\n<div dir=\"auto\"><span style=\"color: #000000;\">Este semin\u00e1rio realizado pelo Instituto Nacional de Sa\u00fade P\u00fablica em parceria com a Dire\u00e7\u00e3o Nacional de Sa\u00fade enquadra-se no Dia Mundial de Preven\u00e7\u00e3o do Suic\u00eddio, este ano assinalado sob o lema \u201cCriar esperan\u00e7a atrav\u00e9s da a\u00e7\u00e3o\u201d, que reflete a necessidade de uma a\u00e7\u00e3o coletiva para lidar com este importante desafio de sa\u00fade p\u00fablica.<\/span><\/div>\n<\/p><\/div>\n<div class=\"o9v6fnle cxmmr5t8 oygrvhab hcukyx3x c1et5uql ii04i59q\">\n<div dir=\"auto\"><span style=\"color: #000000;\">Para cada suic\u00eddio que acontece, \u201cprovavelmente houve entre 10 e 20 tentativas\u201d, um fato que segundo o diretor afeta emocionalmente outras pessoas pr\u00f3ximas. Jorge Barreto explicou ainda que entre 40 e 60% das pessoas que cometeram suic\u00eddio consultaram algum servi\u00e7o de sa\u00fade em dias anteriores ao ato numa tentativa de exteriorizarem\/manifestarem o desespero pelo qual estariam a passar, afirmou.<\/span><\/div>\n<\/p><\/div>\n<div class=\"o9v6fnle cxmmr5t8 oygrvhab hcukyx3x c1et5uql ii04i59q\">\n<div dir=\"auto\"><span style=\"color: #000000;\">Por seu turno, a Presidente do Instituto Nacional de Sa\u00fade P\u00fablica, Maria da Luz Lima, aponta o suic\u00eddio como um importante problema de sa\u00fade p\u00fablica, uma situa\u00e7\u00e3o que ao seu ver tende a agravar nas situa\u00e7\u00f5es de emerg\u00eancias de alcance internacional.<img loading=\"lazy\" class=\" alignleft size-full wp-image-1646\" src=\"https:\/\/frameworks.gov.cv\/INSP-DEV\/wp-content\/uploads\/2021\/09\/Dia_Mundial_de_prevencao_do_suicidio_2021.jpg\" alt=\"Dia Mundial de preven\u00e7\u00e3o do suic\u00eddio 2021\" style=\"float: left;\" width=\"1920\" height=\"1280\" srcset=\"https:\/\/frameworks.gov.cv\/INSP-DEV\/wp-content\/uploads\/2021\/09\/Dia_Mundial_de_prevencao_do_suicidio_2021.jpg 1920w, https:\/\/frameworks.gov.cv\/INSP-DEV\/wp-content\/uploads\/2021\/09\/Dia_Mundial_de_prevencao_do_suicidio_2021-300x200.jpg 300w, https:\/\/frameworks.gov.cv\/INSP-DEV\/wp-content\/uploads\/2021\/09\/Dia_Mundial_de_prevencao_do_suicidio_2021-1024x683.jpg 1024w, https:\/\/frameworks.gov.cv\/INSP-DEV\/wp-content\/uploads\/2021\/09\/Dia_Mundial_de_prevencao_do_suicidio_2021-768x512.jpg 768w, https:\/\/frameworks.gov.cv\/INSP-DEV\/wp-content\/uploads\/2021\/09\/Dia_Mundial_de_prevencao_do_suicidio_2021-1536x1024.jpg 1536w\" sizes=\"(max-width: 1920px) 100vw, 1920px\" \/><\/span><\/div>\n<\/p><\/div>\n<div class=\"o9v6fnle cxmmr5t8 oygrvhab hcukyx3x c1et5uql ii04i59q\">\n<div dir=\"auto\"><span style=\"color: #000000;\">Norteado como um dos \u201ctab\u00fas que permeiam o imagin\u00e1rio da sociedade\u201d, entretanto, a abordagem deve ser hol\u00edstica e com o envolvimento de todos os setores e comunidades, atrav\u00e9s de estrat\u00e9gias bem definidas, explicou a Presidente.<\/span><\/div>\n<\/p><\/div>\n<div class=\"o9v6fnle cxmmr5t8 oygrvhab hcukyx3x c1et5uql ii04i59q\">\n<div dir=\"auto\"><span style=\"color: #000000;\">O suic\u00eddio conforme Maria da Luz Lima, est\u00e1 ligado a fatores de risco por se tratar de um fen\u00f3meno complexo, multifatorial e plurietiol\u00f3gico. \u201cA COVID-19 veio piorar ainda mais os fatores de risco associados ao suic\u00eddio, como a dificuldade financeira, situa\u00e7\u00f5es de trauma ou de abuso, uso de subst\u00e2ncias l\u00edcitas e il\u00edcitas e barreiras ao acesso a cuidados de sa\u00fade. O estado da sa\u00fade mental das pessoas agravou-se, o n\u00edvel de ansiedade aumentou consideravelmente, a depress\u00e3o tornou-se muito mais frequente e a possibilidade de suic\u00eddio igualmente maior\u201d salientou o Diretor Nacional de Sa\u00fade.<\/span><\/div>\n<\/p><\/div>\n<div class=\"o9v6fnle cxmmr5t8 oygrvhab hcukyx3x c1et5uql ii04i59q\">\n<div dir=\"auto\"><span style=\"color: #000000;\">Para finalizar, a presidente real\u00e7ou que o INSP, no \u00e2mbito das suas atribui\u00e7\u00f5es elegeu o m\u00eas da Sa\u00fade Mental, para se assinalar dois eventos de sa\u00fade p\u00fablica, cobrindo assim a primeira semana de setembro \u00e0 segunda semana de outubro (Dia Mundial de Preven\u00e7\u00e3o do Suic\u00eddio e Dia Mundial da Sa\u00fade Mental).<\/span><\/div>\n<\/p><\/div>\n<div class=\"o9v6fnle cxmmr5t8 oygrvhab hcukyx3x c1et5uql ii04i59q\">\n<div dir=\"auto\"><span style=\"color: #000000;\">O referido semin\u00e1rio sobre a \u201cPreven\u00e7\u00e3o do suic\u00eddio no contexto das emerg\u00eancias em sa\u00fade p\u00fablica\u201dacolheu apresenta\u00e7\u00f5es de especialista nacionais e internacionais.<\/span><\/div>\n<div>&nbsp;<\/div>\n<\/p><\/div>\n<\/p><\/div>\n<\/p><\/div>\n<\/p><\/div>\n<\/p><\/div>\n","protected":false},"excerpt":{"rendered":"<p>Em Cabo Verde, notifica-se, em m\u00e9dia, 50 casos de suic\u00eddio anualmente. A afirma\u00e7\u00e3o foi feita pelo o Diretor Nacional de Sa\u00fade, Jorge Barreto, durante a sess\u00e3o de abertura do semin\u00e1rio intitulado \u201cPreven\u00e7\u00e3o do suic\u00eddio no contexto das emerg\u00eancias em sa\u00fade p\u00fablica\u201d, que teve lugar na manh\u00e3 desta sexta-feira, 10 de setembro. Este semin\u00e1rio realizado pelo [&hellip;]<\/p>\n","protected":false},"author":5,"featured_media":0,"comment_status":"open","ping_status":"open","sticky":false,"template":"","format":"standard","meta":[],"categories":[18],"tags":[],"acf":[],"_links":{"self":[{"href":"https:\/\/frameworks.gov.cv\/INSP-DEV\/wp-json\/wp\/v2\/posts\/1647"}],"collection":[{"href":"https:\/\/frameworks.gov.cv\/INSP-DEV\/wp-json\/wp\/v2\/posts"}],"about":[{"href":"https:\/\/frameworks.gov.cv\/INSP-DEV\/wp-json\/wp\/v2\/types\/post"}],"author":[{"embeddable":true,"href":"https:\/\/frameworks.gov.cv\/INSP-DEV\/wp-json\/wp\/v2\/users\/5"}],"replies":[{"embeddable":true,"href":"https:\/\/frameworks.gov.cv\/INSP-DEV\/wp-json\/wp\/v2\/comments?post=1647"}],"version-history":[{"count":1,"href":"https:\/\/frameworks.gov.cv\/INSP-DEV\/wp-json\/wp\/v2\/posts\/1647\/revisions"}],"predecessor-version":[{"id":1795,"href":"https:\/\/frameworks.gov.cv\/INSP-DEV\/wp-json\/wp\/v2\/posts\/1647\/revisions\/1795"}],"wp:attachment":[{"href":"https:\/\/frameworks.gov.cv\/INSP-DEV\/wp-json\/wp\/v2\/media?parent=1647"}],"wp:term":[{"taxonomy":"category","embeddable":true,"href":"https:\/\/frameworks.gov.cv\/INSP-DEV\/wp-json\/wp\/v2\/categories?post=1647"},{"taxonomy":"post_tag","embeddable":true,"href":"https:\/\/frameworks.gov.cv\/INSP-DEV\/wp-json\/wp\/v2\/tags?post=1647"}],"curies":[{"name":"wp","href":"https:\/\/api.w.org\/{rel}","templated":true}]}}