{"id":1639,"date":"2021-12-28T12:21:56","date_gmt":"2021-12-28T13:21:56","guid":{"rendered":"https:\/\/frameworks.gov.cv\/INSP-DEV\/?p=1639"},"modified":"2021-12-28T20:31:19","modified_gmt":"2021-12-28T21:31:19","slug":"instituto-nacional-de-saude-publica-capacita-jornalistas-em-materia-de-covid-19","status":"publish","type":"post","link":"https:\/\/frameworks.gov.cv\/INSP-DEV\/instituto-nacional-de-saude-publica-capacita-jornalistas-em-materia-de-covid-19\/","title":{"rendered":"Instituto Nacional de Sa\u00fade P\u00fablica capacita jornalistas em mat\u00e9ria de COVID-19"},"content":{"rendered":"<p>No \u00e2mbito do refor\u00e7o capacita\u00e7\u00e3o sobre o novo coronav\u00edrus \u2013 novas variantes e vacina\u00e7\u00e3o , foi realizada nesta quarta-feira, 01 de setembro pelo Instituto Nacional de Sa\u00fade P\u00fablica uma capacita\u00e7\u00e3o de cerca de 15 jornalistas de diferentes \u00f3rg\u00e3os de comunica\u00e7\u00e3o social em mat\u00e9ria de COVID-19.<\/p>\n<p>Esta a\u00e7\u00e3o de capacita\u00e7\u00e3o visa essencialmente dotar a classe dos jornalistas de conhecimentos sobre o coronav\u00edrus com vista a encontrar melhores formas de abordagem na divulga\u00e7\u00e3o de informa\u00e7\u00f5es apropriadas e fidedignos sobre a preven\u00e7\u00e3o e controlo da doen\u00e7a, tendo em conta o surgimento das novas variantes no pa\u00eds e a realiza\u00e7\u00e3o do processo de vacina\u00e7\u00e3o no pa\u00eds.<\/p>\n<p>\u00c0 margem deste evento, a formadora Argentina Fortes, ponto focal de Comunica\u00e7\u00e3o de Risco do instituto admitiu, que esta a\u00e7\u00e3o de capacita\u00e7\u00e3o surge pelo reconhecimento do papel crucial dos \u00f3rg\u00e3os de comunica\u00e7\u00e3o social, na dissemina\u00e7\u00e3o de informa\u00e7\u00f5es fidedignos ao p\u00fablico sobre medidas de preven\u00e7\u00e3o e controlo deste surto, uma vez que tem surgido muitos fake news e rumores, dificultando assim a implementa\u00e7\u00e3o das medidas de preven\u00e7\u00e3o e contolo do COVID-19 em Cabo Verde.<\/p>\n<p>Na sua interven\u00e7\u00e3o, o ponto focal encorajou todos os profissionais de comunica\u00e7\u00e3o social para tomarem esta capacita\u00e7\u00e3o como um momento importante para o enriquecimento dos seus conhecimentos em mat\u00e9ria das novas variantes do COVID-19 em Cabo Verde e o processo de vacina\u00e7\u00e3o.<\/p>\n<p>De salientar que a sess\u00e3o de esclarecimento ficou a cargo da Presidente do Instituto de Sa\u00fade P\u00fablica, Maria da Luz Lima, que via zoom interveio para elucidar os formandos de conhecimentos t\u00e9cnicos sobre o v\u00edrus, as variantes existentes em Cabo Verde e as sequelas provocadas pela doen\u00e7a.<\/p>\n<p><img loading=\"lazy\" class=\" size-full wp-image-1638\" src=\"https:\/\/frameworks.gov.cv\/INSP-DEV\/wp-content\/uploads\/2021\/09\/241123558_638714833759909_729737495524126701_n.jpg\" width=\"960\" height=\"720\" srcset=\"https:\/\/frameworks.gov.cv\/INSP-DEV\/wp-content\/uploads\/2021\/09\/241123558_638714833759909_729737495524126701_n.jpg 960w, https:\/\/frameworks.gov.cv\/INSP-DEV\/wp-content\/uploads\/2021\/09\/241123558_638714833759909_729737495524126701_n-300x225.jpg 300w, https:\/\/frameworks.gov.cv\/INSP-DEV\/wp-content\/uploads\/2021\/09\/241123558_638714833759909_729737495524126701_n-768x576.jpg 768w\" sizes=\"(max-width: 960px) 100vw, 960px\" \/><\/p>\n","protected":false},"excerpt":{"rendered":"<p>No \u00e2mbito do refor\u00e7o capacita\u00e7\u00e3o sobre o novo coronav\u00edrus \u2013 novas variantes e vacina\u00e7\u00e3o , foi realizada nesta quarta-feira, 01 de setembro pelo Instituto Nacional de Sa\u00fade P\u00fablica uma capacita\u00e7\u00e3o de cerca de 15 jornalistas de diferentes \u00f3rg\u00e3os de comunica\u00e7\u00e3o social em mat\u00e9ria de COVID-19. Esta a\u00e7\u00e3o de capacita\u00e7\u00e3o visa essencialmente dotar a classe dos [&hellip;]<\/p>\n","protected":false},"author":5,"featured_media":0,"comment_status":"open","ping_status":"open","sticky":false,"template":"","format":"standard","meta":[],"categories":[18],"tags":[],"acf":[],"_links":{"self":[{"href":"https:\/\/frameworks.gov.cv\/INSP-DEV\/wp-json\/wp\/v2\/posts\/1639"}],"collection":[{"href":"https:\/\/frameworks.gov.cv\/INSP-DEV\/wp-json\/wp\/v2\/posts"}],"about":[{"href":"https:\/\/frameworks.gov.cv\/INSP-DEV\/wp-json\/wp\/v2\/types\/post"}],"author":[{"embeddable":true,"href":"https:\/\/frameworks.gov.cv\/INSP-DEV\/wp-json\/wp\/v2\/users\/5"}],"replies":[{"embeddable":true,"href":"https:\/\/frameworks.gov.cv\/INSP-DEV\/wp-json\/wp\/v2\/comments?post=1639"}],"version-history":[{"count":1,"href":"https:\/\/frameworks.gov.cv\/INSP-DEV\/wp-json\/wp\/v2\/posts\/1639\/revisions"}],"predecessor-version":[{"id":1799,"href":"https:\/\/frameworks.gov.cv\/INSP-DEV\/wp-json\/wp\/v2\/posts\/1639\/revisions\/1799"}],"wp:attachment":[{"href":"https:\/\/frameworks.gov.cv\/INSP-DEV\/wp-json\/wp\/v2\/media?parent=1639"}],"wp:term":[{"taxonomy":"category","embeddable":true,"href":"https:\/\/frameworks.gov.cv\/INSP-DEV\/wp-json\/wp\/v2\/categories?post=1639"},{"taxonomy":"post_tag","embeddable":true,"href":"https:\/\/frameworks.gov.cv\/INSP-DEV\/wp-json\/wp\/v2\/tags?post=1639"}],"curies":[{"name":"wp","href":"https:\/\/api.w.org\/{rel}","templated":true}]}}